{"id":12260,"date":"2026-01-20T11:30:36","date_gmt":"2026-01-20T11:30:36","guid":{"rendered":"https:\/\/www.cdcargo.cz\/radim-jecny-ist-der-neue-vorstandsvorsitzende-der-cd-cargo-a-s\/"},"modified":"2026-01-20T11:34:08","modified_gmt":"2026-01-20T11:34:08","slug":"radim-jecny-ist-der-neue-vorstandsvorsitzende-der-cd-cargo-a-s","status":"publish","type":"post","link":"https:\/\/www.cdcargo.cz\/de\/radim-jecny-ist-der-neue-vorstandsvorsitzende-der-cd-cargo-a-s\/","title":{"rendered":"Radim Je\u010dn\u00fd ist der neue Vorstandsvorsitzende der \u010cD Cargo, a.s."},"content":{"rendered":"\t\t<div data-elementor-type=\"wp-post\" data-elementor-id=\"12260\" class=\"elementor elementor-12260 elementor-12246\" data-elementor-post-type=\"post\">\n\t\t\t\t<div data-particle_enable=\"false\" data-particle-mobile-disabled=\"false\" class=\"elementor-element elementor-element-1ef6732f e-flex e-con-boxed e-con e-parent\" data-id=\"1ef6732f\" data-element_type=\"container\" data-e-type=\"container\">\n\t\t\t\t\t<div class=\"e-con-inner\">\n\t\t\t\t<div class=\"elementor-element elementor-element-74c21296 elementor-widget elementor-widget-text-editor\" data-id=\"74c21296\" data-element_type=\"widget\" data-e-type=\"widget\" data-widget_type=\"text-editor.default\">\n\t\t\t\t<div class=\"elementor-widget-container\">\n\t\t\t\t\t\t\t\t\tRadim Je\u010dn\u00fd schloss sein Studium an der Wirtschaftsuniversit\u00e4t in Prag, Bereich Logistik \u2013 Internationaler Transport und Spedition ab und hat vor kurzem sein Doktorandenstudium an dieser Hochschule erfolgreich abgeschlossen. Seine ersten Berufserfahrungen sammelte er bei \u010cechofracht, wo er sp\u00e4ter auch als Mitglied des Verwaltungsrats t\u00e4tig war. Internationale Erfahrung in der Logistik sammelte er bei einer der gr\u00f6\u00dften Reedereien, CMA CGM, wo er f\u00fcr den intermodalen Transport von Containern zust\u00e4ndig war. Au\u00dferdem arbeitete er viele Jahre lang bei Touax Rail Ltd. Herr Je\u010dn\u00fd tritt der \u010cD Cargo mit dem Ziel bei, das Vertrauen der Kunden wiederherzustellen und die Marktposition des nationalen Schieneng\u00fcterverkehrsunternehmens zu st\u00e4rken.      \t\t\t\t\t\t\t\t<\/div>\n\t\t\t\t<\/div>\n\t\t\t\t<div class=\"elementor-element elementor-element-1e905d7 elementor-widget elementor-widget-image\" data-id=\"1e905d7\" data-element_type=\"widget\" data-e-type=\"widget\" data-widget_type=\"image.default\">\n\t\t\t\t<div class=\"elementor-widget-container\">\n\t\t\t\t\t\t\t\t\t\t\t\t\t\t\t<img fetchpriority=\"high\" decoding=\"async\" width=\"683\" height=\"1024\" src=\"https:\/\/www.cdcargo.cz\/wp-content\/uploads\/2026\/01\/Radim-Jec\u030cny\u0301-683x1024.jpg\" class=\"attachment-large size-large wp-image-12258\" alt=\"\" srcset=\"https:\/\/www.cdcargo.cz\/wp-content\/uploads\/2026\/01\/Radim-Jec\u030cny\u0301-683x1024.jpg 683w, https:\/\/www.cdcargo.cz\/wp-content\/uploads\/2026\/01\/Radim-Jec\u030cny\u0301-200x300.jpg 200w, https:\/\/www.cdcargo.cz\/wp-content\/uploads\/2026\/01\/Radim-Jec\u030cny\u0301-768x1152.jpg 768w, https:\/\/www.cdcargo.cz\/wp-content\/uploads\/2026\/01\/Radim-Jec\u030cny\u0301-1024x1536.jpg 1024w, https:\/\/www.cdcargo.cz\/wp-content\/uploads\/2026\/01\/Radim-Jec\u030cny\u0301-1365x2048.jpg 1365w, https:\/\/www.cdcargo.cz\/wp-content\/uploads\/2026\/01\/Radim-Jec\u030cny\u0301-scaled.jpg 1707w\" sizes=\"(max-width: 683px) 100vw, 683px\" \/>\t\t\t\t\t\t\t\t\t\t\t\t\t\t\t<\/div>\n\t\t\t\t<\/div>\n\t\t\t\t\t<\/div>\n\t\t\t\t<\/div>\n\t\t\t\t<\/div>\n\t\t","protected":false},"excerpt":{"rendered":"<p>Der Verwaltungsrat der \u010cesk\u00e9 dr\u00e1hy, a.s., in Aus\u00fcbung der Befugnisse der Hauptversammlung der \u010cD Cargo, a.s., hat in seiner Sitzung am 20. Januar 2026 Herrn Dipl.-Ing. Radim Je\u010dn\u00fd, PhD., zum Vorsitzenden des Verwaltungsrates der \u010cD Cargo, a.s., gew\u00e4hlt. Er wird sein Amt am 1. Februar 2026 antreten.  <\/p>\n","protected":false},"author":14,"featured_media":12259,"comment_status":"closed","ping_status":"closed","sticky":false,"template":"","format":"standard","meta":{"_acf_changed":false,"footnotes":""},"categories":[162],"tags":[],"rocnik":[],"class_list":["post-12260","post","type-post","status-publish","format-standard","has-post-thumbnail","hentry","category-aktuelles"],"acf":[],"_links":{"self":[{"href":"https:\/\/www.cdcargo.cz\/de\/wp-json\/wp\/v2\/posts\/12260","targetHints":{"allow":["GET"]}}],"collection":[{"href":"https:\/\/www.cdcargo.cz\/de\/wp-json\/wp\/v2\/posts"}],"about":[{"href":"https:\/\/www.cdcargo.cz\/de\/wp-json\/wp\/v2\/types\/post"}],"author":[{"embeddable":true,"href":"https:\/\/www.cdcargo.cz\/de\/wp-json\/wp\/v2\/users\/14"}],"replies":[{"embeddable":true,"href":"https:\/\/www.cdcargo.cz\/de\/wp-json\/wp\/v2\/comments?post=12260"}],"version-history":[{"count":0,"href":"https:\/\/www.cdcargo.cz\/de\/wp-json\/wp\/v2\/posts\/12260\/revisions"}],"wp:featuredmedia":[{"embeddable":true,"href":"https:\/\/www.cdcargo.cz\/de\/wp-json\/wp\/v2\/media\/12259"}],"wp:attachment":[{"href":"https:\/\/www.cdcargo.cz\/de\/wp-json\/wp\/v2\/media?parent=12260"}],"wp:term":[{"taxonomy":"category","embeddable":true,"href":"https:\/\/www.cdcargo.cz\/de\/wp-json\/wp\/v2\/categories?post=12260"},{"taxonomy":"post_tag","embeddable":true,"href":"https:\/\/www.cdcargo.cz\/de\/wp-json\/wp\/v2\/tags?post=12260"},{"taxonomy":"rocnik","embeddable":true,"href":"https:\/\/www.cdcargo.cz\/de\/wp-json\/wp\/v2\/rocnik?post=12260"}],"curies":[{"name":"wp","href":"https:\/\/api.w.org\/{rel}","templated":true}]}}