{"id":13616,"date":"2026-03-12T07:55:31","date_gmt":"2026-03-12T07:55:31","guid":{"rendered":"https:\/\/www.cdcargo.cz\/zweite-aenderung-des-tarifs-der-cd-cargo-fuer-das-jahr-2026\/"},"modified":"2026-03-12T08:08:39","modified_gmt":"2026-03-12T08:08:39","slug":"zweite-aenderung-des-tarifs-der-cd-cargo-fuer-das-jahr-2026","status":"publish","type":"post","link":"https:\/\/www.cdcargo.cz\/de\/zweite-aenderung-des-tarifs-der-cd-cargo-fuer-das-jahr-2026\/","title":{"rendered":"Zweite \u00c4nderung des Tarifs der \u010cD Cargo f\u00fcr das Jahr 2026"},"content":{"rendered":"\t\t<div data-elementor-type=\"wp-post\" data-elementor-id=\"13616\" class=\"elementor elementor-13616 elementor-13604\" data-elementor-post-type=\"post\">\n\t\t\t\t<div data-particle_enable=\"false\" data-particle-mobile-disabled=\"false\" class=\"elementor-element elementor-element-1ef6732f e-flex e-con-boxed e-con e-parent\" data-id=\"1ef6732f\" data-element_type=\"container\" data-e-type=\"container\">\n\t\t\t\t\t<div class=\"e-con-inner\">\n\t\t\t\t<div class=\"elementor-element elementor-element-74c21296 elementor-widget elementor-widget-text-editor\" data-id=\"74c21296\" data-element_type=\"widget\" data-e-type=\"widget\" data-widget_type=\"text-editor.default\">\n\t\t\t\t<div class=\"elementor-widget-container\">\n\t\t\t\t\t\t\t\t\t<p align=\"justify\">Die \u010cD Cargo, a.s., gibt eine \u00c4nderung Nr. 2 des Tarifs TVZ mit Wirkung vom 1. April 2026 heraus.  Der Tarif der ist unter der Adresse <a href=\"https:\/\/www.cdcargo.cz\/de\/transportbedingungen-2\/tarife\/\">https:\/\/www.cdcargo.cz\/de\/transportbedingungen-2\/tarife\/<\/a> auf Englisch verf\u00fcgbar.<\/p>\t\t\t\t\t\t\t\t<\/div>\n\t\t\t\t<\/div>\n\t\t\t\t\t<\/div>\n\t\t\t\t<\/div>\n\t\t\t\t<\/div>\n\t\t","protected":false},"excerpt":{"rendered":"<p>Betr\u00e4ge der PD 27.92 und PD 27.93 (An- und Abtransport von Wagen vom Gleisanschluss Z\u00e1vod St\u0159ekov \u2013 Horn\u00ed v\u011btev 1 im Bahnhof \u00dast\u00ed nad Labem-St\u0159ekov) wurden ge\u00e4ndert.<\/p>\n","protected":false},"author":14,"featured_media":1477,"comment_status":"closed","ping_status":"closed","sticky":false,"template":"","format":"standard","meta":{"_acf_changed":false,"footnotes":""},"categories":[162],"tags":[],"rocnik":[],"class_list":["post-13616","post","type-post","status-publish","format-standard","has-post-thumbnail","hentry","category-aktuelles"],"acf":[],"_links":{"self":[{"href":"https:\/\/www.cdcargo.cz\/de\/wp-json\/wp\/v2\/posts\/13616","targetHints":{"allow":["GET"]}}],"collection":[{"href":"https:\/\/www.cdcargo.cz\/de\/wp-json\/wp\/v2\/posts"}],"about":[{"href":"https:\/\/www.cdcargo.cz\/de\/wp-json\/wp\/v2\/types\/post"}],"author":[{"embeddable":true,"href":"https:\/\/www.cdcargo.cz\/de\/wp-json\/wp\/v2\/users\/14"}],"replies":[{"embeddable":true,"href":"https:\/\/www.cdcargo.cz\/de\/wp-json\/wp\/v2\/comments?post=13616"}],"version-history":[{"count":1,"href":"https:\/\/www.cdcargo.cz\/de\/wp-json\/wp\/v2\/posts\/13616\/revisions"}],"predecessor-version":[{"id":13617,"href":"https:\/\/www.cdcargo.cz\/de\/wp-json\/wp\/v2\/posts\/13616\/revisions\/13617"}],"wp:featuredmedia":[{"embeddable":true,"href":"https:\/\/www.cdcargo.cz\/de\/wp-json\/wp\/v2\/media\/1477"}],"wp:attachment":[{"href":"https:\/\/www.cdcargo.cz\/de\/wp-json\/wp\/v2\/media?parent=13616"}],"wp:term":[{"taxonomy":"category","embeddable":true,"href":"https:\/\/www.cdcargo.cz\/de\/wp-json\/wp\/v2\/categories?post=13616"},{"taxonomy":"post_tag","embeddable":true,"href":"https:\/\/www.cdcargo.cz\/de\/wp-json\/wp\/v2\/tags?post=13616"},{"taxonomy":"rocnik","embeddable":true,"href":"https:\/\/www.cdcargo.cz\/de\/wp-json\/wp\/v2\/rocnik?post=13616"}],"curies":[{"name":"wp","href":"https:\/\/api.w.org\/{rel}","templated":true}]}}