{"id":13629,"date":"2026-03-12T12:14:08","date_gmt":"2026-03-12T12:14:08","guid":{"rendered":"https:\/\/www.cdcargo.cz\/kraftstoffzuschlag\/"},"modified":"2026-03-12T14:11:43","modified_gmt":"2026-03-12T14:11:43","slug":"kraftstoffzuschlag","status":"publish","type":"post","link":"https:\/\/www.cdcargo.cz\/de\/kraftstoffzuschlag\/","title":{"rendered":"Kraftstoffzuschlag"},"content":{"rendered":"\t\t<div data-elementor-type=\"wp-post\" data-elementor-id=\"13629\" class=\"elementor elementor-13629 elementor-13618\" data-elementor-post-type=\"post\">\n\t\t\t\t<div data-particle_enable=\"false\" data-particle-mobile-disabled=\"false\" class=\"elementor-element elementor-element-1ef6732f e-flex e-con-boxed e-con e-parent\" data-id=\"1ef6732f\" data-element_type=\"container\" data-e-type=\"container\">\n\t\t\t\t\t<div class=\"e-con-inner\">\n\t\t\t\t<div class=\"elementor-element elementor-element-74c21296 elementor-widget elementor-widget-text-editor\" data-id=\"74c21296\" data-element_type=\"widget\" data-e-type=\"widget\" data-widget_type=\"text-editor.default\">\n\t\t\t\t<div class=\"elementor-widget-container\">\n\t\t\t\t\t\t\t\t\t<p>Eine ganze Reihe unserer Z\u00fcge wird jedoch weiterhin von Diesellokomotiven gezogen. \u010cD Cargo gibt f\u00fcr den Kauf von Kraftstoffen mehrere zehn Millionen Kronen aus, und leider sind wir nicht in der Lage, diese unerwarteten starken und langfristigen Preisanstiege aus eigenen Mitteln zu decken. <\/p><p>Sollte sich der Kraftstoffpreis langfristig auf einem h\u00f6heren Niveau einpendeln, werden wir gezwungen sein, einen Kraftstoffzuschlag einzuf\u00fchren. Diesen m\u00f6glichen Zuschlag m\u00f6chten wir transparent ank\u00fcndigen und er w\u00fcrde nur Z\u00fcge auf nicht elektrifizierten Strecken betreffen. Wir setzen zwar auch Diesellokomotiven in Rangierbahnh\u00f6fen ein, und fast jeder Transport Ihrer Sendung beginnt und endet mit einer Rangierlokomotive, aber diese Kosten k\u00f6nnen wir zum einen nicht transparent beziffern, und zum anderen m\u00fcssen wir ebenso wie Sie einen Teil des Gesch\u00e4ftsrisikos tragen.  <\/p><p>Ein eventueller Kraftstoffzuschlag wird klar an den ver\u00f6ffentlichten Kraftstoffpreis gekoppelt sein, und im Falle eines Preisr\u00fcckgangs wird sein Betrag auf null festgelegt. Sollte der Preis hingegen unter die im Voraus festgelegten Grenzen fallen, sind wir bereit, Ihnen einen Rabatt zu gew\u00e4hren, der auf die gleiche Weise berechnet wird. <\/p><p>Ich pers\u00f6nlich hoffe weiterhin, dass wir diesen Zuschlag nicht einf\u00fchren m\u00fcssen, aber ich danke Ihnen allen dennoch im Voraus f\u00fcr Ihr menschliches und gesch\u00e4ftliches Verst\u00e4ndnis.<\/p><p>Radim Je\u010dn\u00fd<\/p><p>Vorstandsvorsitzende der \u010cD Cargo, a.s.<\/p>\t\t\t\t\t\t\t\t<\/div>\n\t\t\t\t<\/div>\n\t\t\t\t<div class=\"elementor-element elementor-element-3aed806 elementor-widget elementor-widget-image\" data-id=\"3aed806\" data-element_type=\"widget\" data-e-type=\"widget\" data-widget_type=\"image.default\">\n\t\t\t\t<div class=\"elementor-widget-container\">\n\t\t\t\t\t\t\t\t\t\t\t\t\t\t\t<img fetchpriority=\"high\" decoding=\"async\" width=\"800\" height=\"533\" src=\"https:\/\/www.cdcargo.cz\/wp-content\/uploads\/2026\/03\/BAF-1024x682.jpg\" class=\"attachment-large size-large wp-image-13628\" alt=\"\" srcset=\"https:\/\/www.cdcargo.cz\/wp-content\/uploads\/2026\/03\/BAF-1024x682.jpg 1024w, https:\/\/www.cdcargo.cz\/wp-content\/uploads\/2026\/03\/BAF-300x200.jpg 300w, https:\/\/www.cdcargo.cz\/wp-content\/uploads\/2026\/03\/BAF-768x512.jpg 768w, https:\/\/www.cdcargo.cz\/wp-content\/uploads\/2026\/03\/BAF-1536x1024.jpg 1536w, https:\/\/www.cdcargo.cz\/wp-content\/uploads\/2026\/03\/BAF.jpg 2018w\" sizes=\"(max-width: 800px) 100vw, 800px\" \/>\t\t\t\t\t\t\t\t\t\t\t\t\t\t\t<\/div>\n\t\t\t\t<\/div>\n\t\t\t\t\t<\/div>\n\t\t\t\t<\/div>\n\t\t\t\t<\/div>\n\t\t","protected":false},"excerpt":{"rendered":"<p>Sehr geehrte Gesch\u00e4ftspartner, liebe Kolleginnen und Kollegen,<\/p>\n<p>wir alle verfolgen mit Spannung die aktuellen Entwicklungen im Nahen Osten und deren Auswirkungen auf den \u00d6lpreis. Gl\u00fccklicherweise nutzt der Schieneng\u00fcterverkehr vor allem elektrische Traktion, die aufgrund der Art des Energieeinkaufs nicht so empfindlich auf starke Schwankungen auf dem Energiemarkt reagiert. <\/p>\n","protected":false},"author":14,"featured_media":13628,"comment_status":"closed","ping_status":"closed","sticky":false,"template":"","format":"standard","meta":{"_acf_changed":false,"footnotes":""},"categories":[162],"tags":[],"rocnik":[],"class_list":["post-13629","post","type-post","status-publish","format-standard","has-post-thumbnail","hentry","category-aktuelles"],"acf":[],"_links":{"self":[{"href":"https:\/\/www.cdcargo.cz\/de\/wp-json\/wp\/v2\/posts\/13629","targetHints":{"allow":["GET"]}}],"collection":[{"href":"https:\/\/www.cdcargo.cz\/de\/wp-json\/wp\/v2\/posts"}],"about":[{"href":"https:\/\/www.cdcargo.cz\/de\/wp-json\/wp\/v2\/types\/post"}],"author":[{"embeddable":true,"href":"https:\/\/www.cdcargo.cz\/de\/wp-json\/wp\/v2\/users\/14"}],"replies":[{"embeddable":true,"href":"https:\/\/www.cdcargo.cz\/de\/wp-json\/wp\/v2\/comments?post=13629"}],"version-history":[{"count":3,"href":"https:\/\/www.cdcargo.cz\/de\/wp-json\/wp\/v2\/posts\/13629\/revisions"}],"predecessor-version":[{"id":13632,"href":"https:\/\/www.cdcargo.cz\/de\/wp-json\/wp\/v2\/posts\/13629\/revisions\/13632"}],"wp:featuredmedia":[{"embeddable":true,"href":"https:\/\/www.cdcargo.cz\/de\/wp-json\/wp\/v2\/media\/13628"}],"wp:attachment":[{"href":"https:\/\/www.cdcargo.cz\/de\/wp-json\/wp\/v2\/media?parent=13629"}],"wp:term":[{"taxonomy":"category","embeddable":true,"href":"https:\/\/www.cdcargo.cz\/de\/wp-json\/wp\/v2\/categories?post=13629"},{"taxonomy":"post_tag","embeddable":true,"href":"https:\/\/www.cdcargo.cz\/de\/wp-json\/wp\/v2\/tags?post=13629"},{"taxonomy":"rocnik","embeddable":true,"href":"https:\/\/www.cdcargo.cz\/de\/wp-json\/wp\/v2\/rocnik?post=13629"}],"curies":[{"name":"wp","href":"https:\/\/api.w.org\/{rel}","templated":true}]}}