{"id":12256,"date":"2026-01-20T11:30:36","date_gmt":"2026-01-20T11:30:36","guid":{"rendered":"https:\/\/www.cdcargo.cz\/radim-jecny-is-the-new-chairman-of-the-board-of-directors-of-cd-cargo-a-s\/"},"modified":"2026-01-20T11:33:27","modified_gmt":"2026-01-20T11:33:27","slug":"radim-jecny-is-the-new-chairman-of-the-board-of-directors-of-cd-cargo-a-s","status":"publish","type":"post","link":"https:\/\/www.cdcargo.cz\/en\/radim-jecny-is-the-new-chairman-of-the-board-of-directors-of-cd-cargo-a-s\/","title":{"rendered":"Radim Je\u010dn\u00fd is the new Chairman of the Board of Directors of \u010cD Cargo, a.s."},"content":{"rendered":"\t\t<div data-elementor-type=\"wp-post\" data-elementor-id=\"12256\" class=\"elementor elementor-12256 elementor-12246\" data-elementor-post-type=\"post\">\n\t\t\t\t<div data-particle_enable=\"false\" data-particle-mobile-disabled=\"false\" class=\"elementor-element elementor-element-1ef6732f e-flex e-con-boxed e-con e-parent\" data-id=\"1ef6732f\" data-element_type=\"container\" data-e-type=\"container\">\n\t\t\t\t\t<div class=\"e-con-inner\">\n\t\t\t\t<div class=\"elementor-element elementor-element-74c21296 elementor-widget elementor-widget-text-editor\" data-id=\"74c21296\" data-element_type=\"widget\" data-e-type=\"widget\" data-widget_type=\"text-editor.default\">\n\t\t\t\t<div class=\"elementor-widget-container\">\n\t\t\t\t\t\t\t\t\tRadim Je\u010dn\u00fd graduated from the Prague University of Economics and Business, Department of Logistics \u2013 International Transport and Forwarding, and recently successfully completed his doctoral studies at the same university. He gained his first work experience at \u010cechofracht, where he later acted also as a member of the board of directors. He obtained international experience in logistics at one of the largest sea shipping companies, CMA CGM, where he was responsible for intermodal container transport. He also worked with Touax Rail Ltd. for a long time. In recent years, he has been running his own business. Mr. Je\u010dn\u00fd joins \u010cD Cargo with the aim of restoring customer confidence and strengthening the market position of the national rail freight carrier.      \t\t\t\t\t\t\t\t<\/div>\n\t\t\t\t<\/div>\n\t\t\t\t<div class=\"elementor-element elementor-element-1e905d7 elementor-widget elementor-widget-image\" data-id=\"1e905d7\" data-element_type=\"widget\" data-e-type=\"widget\" data-widget_type=\"image.default\">\n\t\t\t\t<div class=\"elementor-widget-container\">\n\t\t\t\t\t\t\t\t\t\t\t\t\t\t\t<img fetchpriority=\"high\" decoding=\"async\" width=\"683\" height=\"1024\" src=\"https:\/\/www.cdcargo.cz\/wp-content\/uploads\/2026\/01\/Radim-Jec\u030cny\u0301-683x1024.jpg\" class=\"attachment-large size-large wp-image-12254\" alt=\"\" srcset=\"https:\/\/www.cdcargo.cz\/wp-content\/uploads\/2026\/01\/Radim-Jec\u030cny\u0301-683x1024.jpg 683w, https:\/\/www.cdcargo.cz\/wp-content\/uploads\/2026\/01\/Radim-Jec\u030cny\u0301-200x300.jpg 200w, https:\/\/www.cdcargo.cz\/wp-content\/uploads\/2026\/01\/Radim-Jec\u030cny\u0301-768x1152.jpg 768w, https:\/\/www.cdcargo.cz\/wp-content\/uploads\/2026\/01\/Radim-Jec\u030cny\u0301-1024x1536.jpg 1024w, https:\/\/www.cdcargo.cz\/wp-content\/uploads\/2026\/01\/Radim-Jec\u030cny\u0301-1365x2048.jpg 1365w, https:\/\/www.cdcargo.cz\/wp-content\/uploads\/2026\/01\/Radim-Jec\u030cny\u0301-scaled.jpg 1707w\" sizes=\"(max-width: 683px) 100vw, 683px\" \/>\t\t\t\t\t\t\t\t\t\t\t\t\t\t\t<\/div>\n\t\t\t\t<\/div>\n\t\t\t\t\t<\/div>\n\t\t\t\t<\/div>\n\t\t\t\t<\/div>\n\t\t","protected":false},"excerpt":{"rendered":"<p>At its meeting on January 20, 2026, the Board of Directors of \u010cesk\u00e9 dr\u00e1hy, a.s., acting in its capacity as the general assembly of \u010cD Cargo, a.s., elected Mr. Radim Je\u010dn\u00fd, PhD., to the position of Chairman of the Board of Directors of \u010cD Cargo, a.s. He will take up the position on February 1, 2026.  <\/p>\n","protected":false},"author":14,"featured_media":12255,"comment_status":"closed","ping_status":"closed","sticky":false,"template":"","format":"standard","meta":{"_acf_changed":false,"footnotes":""},"categories":[160],"tags":[],"rocnik":[],"class_list":["post-12256","post","type-post","status-publish","format-standard","has-post-thumbnail","hentry","category-news"],"acf":[],"_links":{"self":[{"href":"https:\/\/www.cdcargo.cz\/en\/wp-json\/wp\/v2\/posts\/12256","targetHints":{"allow":["GET"]}}],"collection":[{"href":"https:\/\/www.cdcargo.cz\/en\/wp-json\/wp\/v2\/posts"}],"about":[{"href":"https:\/\/www.cdcargo.cz\/en\/wp-json\/wp\/v2\/types\/post"}],"author":[{"embeddable":true,"href":"https:\/\/www.cdcargo.cz\/en\/wp-json\/wp\/v2\/users\/14"}],"replies":[{"embeddable":true,"href":"https:\/\/www.cdcargo.cz\/en\/wp-json\/wp\/v2\/comments?post=12256"}],"version-history":[{"count":0,"href":"https:\/\/www.cdcargo.cz\/en\/wp-json\/wp\/v2\/posts\/12256\/revisions"}],"wp:featuredmedia":[{"embeddable":true,"href":"https:\/\/www.cdcargo.cz\/en\/wp-json\/wp\/v2\/media\/12255"}],"wp:attachment":[{"href":"https:\/\/www.cdcargo.cz\/en\/wp-json\/wp\/v2\/media?parent=12256"}],"wp:term":[{"taxonomy":"category","embeddable":true,"href":"https:\/\/www.cdcargo.cz\/en\/wp-json\/wp\/v2\/categories?post=12256"},{"taxonomy":"post_tag","embeddable":true,"href":"https:\/\/www.cdcargo.cz\/en\/wp-json\/wp\/v2\/tags?post=12256"},{"taxonomy":"rocnik","embeddable":true,"href":"https:\/\/www.cdcargo.cz\/en\/wp-json\/wp\/v2\/rocnik?post=12256"}],"curies":[{"name":"wp","href":"https:\/\/api.w.org\/{rel}","templated":true}]}}